{"id":4257,"date":"2025-05-25T11:46:46","date_gmt":"2025-05-25T08:46:46","guid":{"rendered":"https:\/\/sagliksepeti.com\/blog\/?p=4257"},"modified":"2025-05-26T14:47:04","modified_gmt":"2025-05-26T11:47:04","slug":"bebeklerde-gunes-koruyucu-kullanimi","status":"publish","type":"post","link":"https:\/\/sagliksepeti.com\/blog\/bebeklerde-gunes-koruyucu-kullanimi\/","title":{"rendered":"Bebeklerde G\u00fcne\u015f Koruyucu Kullan\u0131m\u0131"},"content":{"rendered":"<p>G\u00fcne\u015f \u0131\u015f\u0131\u011f\u0131, D vitamini sentezi i\u00e7in gereklidir ancak \u00f6zellikle bebeklerde cilt hassasiyeti nedeniyle dikkatli olunmal\u0131d\u0131r. <strong data-start=\"436\" data-end=\"498\">Bebek cildi yeti\u015fkinlere g\u00f6re \u00e7ok daha ince ve ge\u00e7irgendir<\/strong>, bu da onlar\u0131 g\u00fcne\u015fin zararl\u0131 etkilerine kar\u015f\u0131 daha savunmas\u0131z hale getirir.<\/p>\n<h2 data-start=\"695\" data-end=\"760\"><strong data-start=\"698\" data-end=\"760\">1. <a href=\"https:\/\/sagliksepeti.com\/bebek-ve-cocuk-gunes-kremleri\">Bebeklerde G\u00fcne\u015f Koruyucu<\/a> Kullan\u0131m\u0131 Ne Zaman Ba\u015flamal\u0131?<\/strong><\/h2>\n<p data-start=\"762\" data-end=\"888\">Uzmanlar, <strong data-start=\"772\" data-end=\"800\">6 aydan k\u00fc\u00e7\u00fck bebeklerde<\/strong> do\u011frudan g\u00fcne\u015f \u0131\u015f\u0131\u011f\u0131na maruz kalmaktan ka\u00e7\u0131n\u0131lmas\u0131n\u0131 \u00f6nermektedir. Bu d\u00f6nemde bebekler:<\/p>\n<ul data-start=\"889\" data-end=\"1033\">\n<li data-start=\"889\" data-end=\"917\">\n<p data-start=\"891\" data-end=\"917\">G\u00f6lge alanlarda tutulmal\u0131,<\/p>\n<\/li>\n<li data-start=\"918\" data-end=\"962\">\n<p data-start=\"920\" data-end=\"962\">\u015eapka ve ince uzun k\u0131yafetlerle korunmal\u0131,<\/p>\n<\/li>\n<li data-start=\"963\" data-end=\"1033\">\n<p data-start=\"965\" data-end=\"1033\">G\u00fcne\u015fin dik geldi\u011fi saatlerde (10:00-16:00) d\u0131\u015far\u0131 \u00e7\u0131kar\u0131lmamal\u0131d\u0131r.<\/p>\n<\/li>\n<\/ul>\n<p data-start=\"1035\" data-end=\"1122\"><strong data-start=\"1035\" data-end=\"1063\">6 aydan b\u00fcy\u00fck bebeklerde<\/strong> ise doktor \u00f6nerisiyle g\u00fcne\u015f koruyucu kullan\u0131m\u0131 g\u00fcvenlidir.<\/p>\n<hr data-start=\"1124\" data-end=\"1127\" \/>\n<h2 data-start=\"1129\" data-end=\"1190\"><strong data-start=\"1132\" data-end=\"1190\">2. Bebekler \u0130\u00e7in Hangi <a href=\"https:\/\/sagliksepeti.com\/gunes-urunleri\">G\u00fcne\u015f Kremleri<\/a> Tercih Edilmeli?<\/strong><\/h2>\n<p data-start=\"1192\" data-end=\"1261\">Bebek cildi i\u00e7in se\u00e7ilecek g\u00fcne\u015f koruyucu \u015fu \u00f6zellikleri ta\u015f\u0131mal\u0131d\u0131r:<\/p>\n<ul data-start=\"1263\" data-end=\"1543\">\n<li data-start=\"1263\" data-end=\"1356\">\n<p data-start=\"1265\" data-end=\"1356\"><strong data-start=\"1265\" data-end=\"1305\">Mineral filtreli (fiziksel koruyucu)<\/strong>: \u00c7inko oksit veya titanyum dioksit i\u00e7eren \u00fcr\u00fcnler.<\/p>\n<\/li>\n<li data-start=\"1357\" data-end=\"1414\">\n<p data-start=\"1359\" data-end=\"1414\"><strong data-start=\"1359\" data-end=\"1403\">Parf\u00fcm, paraben, alkol ve boya i\u00e7ermeyen<\/strong> form\u00fcller.<\/p>\n<\/li>\n<li data-start=\"1415\" data-end=\"1478\">\n<p data-start=\"1417\" data-end=\"1478\"><strong data-start=\"1417\" data-end=\"1470\">Hipoalerjenik ve dermatolojik olarak test edilmi\u015f<\/strong> olmas\u0131.<\/p>\n<\/li>\n<li data-start=\"1479\" data-end=\"1543\">\n<p data-start=\"1481\" data-end=\"1543\"><strong data-start=\"1481\" data-end=\"1497\">En az SPF 30<\/strong>, tercihen <strong data-start=\"1508\" data-end=\"1519\">SPF 50+<\/strong> koruma fakt\u00f6rl\u00fc olmas\u0131.<\/p>\n<\/li>\n<\/ul>\n<blockquote data-start=\"1545\" data-end=\"1647\">\n<p data-start=\"1547\" data-end=\"1647\"><strong data-start=\"1547\" data-end=\"1555\">Not:<\/strong> \u201cBebekler i\u00e7in\u201d ibaresi olan \u00fcr\u00fcnler tercih edilmeli ve mutlaka i\u00e7erik listesi okunmal\u0131d\u0131r.<\/p>\n<\/blockquote>\n<hr data-start=\"1649\" data-end=\"1652\" \/>\n<h2 data-start=\"1654\" data-end=\"1704\"><strong data-start=\"1657\" data-end=\"1704\">3. Bebeklere G\u00fcne\u015f Kremi Nas\u0131l Uygulanmal\u0131?<\/strong><\/h2>\n<ul data-start=\"1706\" data-end=\"1994\">\n<li data-start=\"1706\" data-end=\"1777\">\n<p data-start=\"1708\" data-end=\"1777\">\u0130lk uygulama d\u0131\u015far\u0131 \u00e7\u0131kmadan <strong data-start=\"1737\" data-end=\"1761\">en az 20 dakika \u00f6nce<\/strong> yap\u0131lmal\u0131d\u0131r.<\/p>\n<\/li>\n<li data-start=\"1778\" data-end=\"1907\">\n<p data-start=\"1780\" data-end=\"1907\">Cilde nazik hareketlerle, <strong data-start=\"1806\" data-end=\"1860\">y\u00fcz, boyun, kulak arkalar\u0131, eller ve ayaklar dahil<\/strong> olmak \u00fczere t\u00fcm a\u00e7\u0131k b\u00f6lgelere s\u00fcr\u00fclmelidir.<\/p>\n<\/li>\n<li data-start=\"1908\" data-end=\"1994\">\n<p data-start=\"1910\" data-end=\"1994\"><strong data-start=\"1910\" data-end=\"1926\">2 saatte bir<\/strong> veya terleme, suya girme gibi durumlarda <strong data-start=\"1968\" data-end=\"1993\">tekrar uygulanmal\u0131d\u0131r<\/strong>.<\/p>\n<\/li>\n<\/ul>\n<hr data-start=\"1996\" data-end=\"1999\" \/>\n<h2 data-start=\"2001\" data-end=\"2051\"><strong data-start=\"2004\" data-end=\"2051\">4. G\u00fcne\u015f Koruyucu D\u0131\u015f\u0131nda Al\u0131nacak \u00d6nlemler<\/strong><\/h2>\n<ul data-start=\"2053\" data-end=\"2242\">\n<li data-start=\"2053\" data-end=\"2114\">\n<p data-start=\"2055\" data-end=\"2114\">Geni\u015f kenarl\u0131 \u015fapka ve UV korumal\u0131 g\u00fcne\u015f g\u00f6zl\u00fc\u011f\u00fc kullan\u0131m\u0131,<\/p>\n<\/li>\n<li data-start=\"2115\" data-end=\"2147\">\n<p data-start=\"2117\" data-end=\"2147\">G\u00f6lge alanlarda vakit ge\u00e7irme,<\/p>\n<\/li>\n<li data-start=\"2148\" data-end=\"2193\">\n<p data-start=\"2150\" data-end=\"2193\">Bebek arabas\u0131nda UV korumal\u0131 t\u00fcl kullan\u0131m\u0131,<\/p>\n<\/li>\n<li data-start=\"2194\" data-end=\"2242\">\n<p data-start=\"2196\" data-end=\"2242\">\u0130nce pamuklu ve uzun kollu k\u0131yafetler giydirme<\/p>\n<\/li>\n<\/ul>\n<p data-start=\"2244\" data-end=\"2300\">gibi fiziksel koruma y\u00f6ntemleri de son derece \u00f6nemlidir.<\/p>\n<p data-start=\"2244\" data-end=\"2300\"><a href=\"https:\/\/sagliksepeti.com\/bebek-ve-cocuk-gunes-kremleri\">Sa\u011fl\u0131k Sepeti&#8217;nde Listelenen Bebek ve G\u00fcne\u015f Kremlerimize G\u00f6z Atmak i\u00e7in T\u0131klay\u0131n\u0131z.<\/a><\/p>\n<h3 class=\"name\"><a href=\"https:\/\/sagliksepeti.com\/mustela-yuksek-koruma-faktorlu-spf-50-stick-gunes-kremi-9-gr\">Mustela Y\u00fcksek Koruma Fakt\u00f6rl\u00fc SPF 50 Stick G\u00fcne\u015f Kremi<\/a><\/h3>\n<h3 class=\"name\"><a href=\"https:\/\/sagliksepeti.com\/bioderma-photoderm-kid-lait-spf50-100-ml\">Bioderma Photoderm Kid Lait Spf50 100 ml<\/a><\/h3>\n<h3 class=\"name\"><a href=\"https:\/\/sagliksepeti.com\/vichy-capital-soleil-spf50-cocuklar-icin-yuz-ve-vucut-gunes-sutu-300-ml\">Vichy Capital Soleil Spf50+ \u00c7ocuklar i\u00e7in Y\u00fcz ve V\u00fccut G\u00fcne\u015f S\u00fct\u00fc 300 ml<\/a><\/h3>\n<h3 class=\"name\"><a href=\"https:\/\/sagliksepeti.com\/bioderma-photoderm-pediatrics-lait-spf50-200-ml\">Bioderma Photoderm Pediatrics Lait SPF50+ 200 ml<\/a><\/h3>\n","protected":false},"excerpt":{"rendered":"<p>G\u00fcne\u015f \u0131\u015f\u0131\u011f\u0131, D vitamini sentezi i\u00e7in gereklidir ancak \u00f6zellikle bebeklerde cilt hassasiyeti nedeniyle dikkatli olunmal\u0131d\u0131r. Bebek cildi yeti\u015fkinlere g\u00f6re \u00e7ok daha ince ve ge\u00e7irgendir, bu da onlar\u0131 g\u00fcne\u015fin zararl\u0131 etkilerine kar\u015f\u0131 daha savunmas\u0131z hale getirir. 1. Bebeklerde G\u00fcne\u015f Koruyucu Kullan\u0131m\u0131 Ne Zaman Ba\u015flamal\u0131? Uzmanlar, 6 aydan k\u00fc\u00e7\u00fck bebeklerde do\u011frudan g\u00fcne\u015f \u0131\u015f\u0131\u011f\u0131na maruz kalmaktan ka\u00e7\u0131n\u0131lmas\u0131n\u0131 \u00f6nermektedir. [&hellip;]<\/p>\n","protected":false},"author":5,"featured_media":4258,"comment_status":"open","ping_status":"open","sticky":false,"template":"","format":"standard","meta":{"footnotes":""},"categories":[1],"tags":[500,183,514,155,515],"class_list":["post-4257","post","type-post","status-publish","format-standard","has-post-thumbnail","hentry","category-genel","tag-bebek-gunes-kremi","tag-bioderma-gunes-kremi","tag-cocuklarda-gunes-kremi","tag-gunes-kremi","tag-mustela-gunes-kremi"],"yoast_head":"<!-- This site is optimized with the Yoast SEO plugin v20.6 - https:\/\/yoast.com\/wordpress\/plugins\/seo\/ -->\n<title>Bebeklerde G\u00fcne\u015f Koruyucu Kullan\u0131m\u0131 - sa\u011fl\u0131ksepeti Blog<\/title>\n<meta name=\"description\" content=\"G\u00fcne\u015f \u0131\u015f\u0131\u011f\u0131, D vitamini sentezi i\u00e7in gereklidir ancak \u00f6zellikle bebeklerde cilt hassasiyeti nedeniyle dikkatli olunmal\u0131d\u0131r.\" \/>\n<meta name=\"robots\" content=\"index, follow, max-snippet:-1, max-image-preview:large, max-video-preview:-1\" \/>\n<link rel=\"canonical\" href=\"https:\/\/sagliksepeti.com\/blog\/bebeklerde-gunes-koruyucu-kullanimi\/\" \/>\n<meta property=\"og:locale\" content=\"tr_TR\" \/>\n<meta property=\"og:type\" content=\"article\" \/>\n<meta property=\"og:title\" content=\"Bebeklerde G\u00fcne\u015f Koruyucu Kullan\u0131m\u0131 - sa\u011fl\u0131ksepeti Blog\" \/>\n<meta property=\"og:description\" content=\"G\u00fcne\u015f \u0131\u015f\u0131\u011f\u0131, D vitamini sentezi i\u00e7in gereklidir ancak \u00f6zellikle bebeklerde cilt hassasiyeti nedeniyle dikkatli olunmal\u0131d\u0131r.\" \/>\n<meta property=\"og:url\" content=\"https:\/\/sagliksepeti.com\/blog\/bebeklerde-gunes-koruyucu-kullanimi\/\" \/>\n<meta property=\"og:site_name\" content=\"sa\u011fl\u0131ksepeti Blog\" \/>\n<meta property=\"article:published_time\" content=\"2025-05-25T08:46:46+00:00\" \/>\n<meta property=\"article:modified_time\" content=\"2025-05-26T11:47:04+00:00\" \/>\n<meta property=\"og:image\" content=\"https:\/\/sagliksepeti.com\/blog\/wp-content\/uploads\/2025\/05\/cocuk-bebek-gunes-kremi.jpg\" \/>\n\t<meta property=\"og:image:width\" content=\"1280\" \/>\n\t<meta property=\"og:image:height\" content=\"852\" \/>\n\t<meta property=\"og:image:type\" content=\"image\/jpeg\" \/>\n<meta name=\"author\" content=\"Sa\u011fl\u0131k Sepeti\" \/>\n<meta name=\"twitter:card\" content=\"summary_large_image\" \/>\n<meta name=\"twitter:label1\" content=\"Yazan:\" \/>\n\t<meta name=\"twitter:data1\" content=\"Sa\u011fl\u0131k Sepeti\" \/>\n\t<meta name=\"twitter:label2\" content=\"Tahmini okuma s\u00fcresi\" \/>\n\t<meta name=\"twitter:data2\" content=\"2 dakika\" \/>\n<script type=\"application\/ld+json\" class=\"yoast-schema-graph\">{\"@context\":\"https:\/\/schema.org\",\"@graph\":[{\"@type\":\"Article\",\"@id\":\"https:\/\/sagliksepeti.com\/blog\/bebeklerde-gunes-koruyucu-kullanimi\/#article\",\"isPartOf\":{\"@id\":\"https:\/\/sagliksepeti.com\/blog\/bebeklerde-gunes-koruyucu-kullanimi\/\"},\"author\":{\"name\":\"Sa\u011fl\u0131k Sepeti\",\"@id\":\"https:\/\/sagliksepeti.com\/blog\/#\/schema\/person\/79e5a4c6c732209cfd8dec506c033307\"},\"headline\":\"Bebeklerde G\u00fcne\u015f Koruyucu Kullan\u0131m\u0131\",\"datePublished\":\"2025-05-25T08:46:46+00:00\",\"dateModified\":\"2025-05-26T11:47:04+00:00\",\"mainEntityOfPage\":{\"@id\":\"https:\/\/sagliksepeti.com\/blog\/bebeklerde-gunes-koruyucu-kullanimi\/\"},\"wordCount\":367,\"commentCount\":0,\"publisher\":{\"@id\":\"https:\/\/sagliksepeti.com\/blog\/#organization\"},\"keywords\":[\"bebek g\u00fcne\u015f kremi\",\"bioderma g\u00fcne\u015f kremi\",\"\u00e7ocuklarda g\u00fcne\u015f kremi\",\"g\u00fcne\u015f kremi\",\"mustela g\u00fcne\u015f kremi\"],\"inLanguage\":\"tr\",\"potentialAction\":[{\"@type\":\"CommentAction\",\"name\":\"Comment\",\"target\":[\"https:\/\/sagliksepeti.com\/blog\/bebeklerde-gunes-koruyucu-kullanimi\/#respond\"]}]},{\"@type\":\"WebPage\",\"@id\":\"https:\/\/sagliksepeti.com\/blog\/bebeklerde-gunes-koruyucu-kullanimi\/\",\"url\":\"https:\/\/sagliksepeti.com\/blog\/bebeklerde-gunes-koruyucu-kullanimi\/\",\"name\":\"Bebeklerde G\u00fcne\u015f Koruyucu Kullan\u0131m\u0131 - sa\u011fl\u0131ksepeti Blog\",\"isPartOf\":{\"@id\":\"https:\/\/sagliksepeti.com\/blog\/#website\"},\"datePublished\":\"2025-05-25T08:46:46+00:00\",\"dateModified\":\"2025-05-26T11:47:04+00:00\",\"description\":\"G\u00fcne\u015f \u0131\u015f\u0131\u011f\u0131, D vitamini sentezi i\u00e7in gereklidir ancak \u00f6zellikle bebeklerde cilt hassasiyeti nedeniyle dikkatli olunmal\u0131d\u0131r.\",\"breadcrumb\":{\"@id\":\"https:\/\/sagliksepeti.com\/blog\/bebeklerde-gunes-koruyucu-kullanimi\/#breadcrumb\"},\"inLanguage\":\"tr\",\"potentialAction\":[{\"@type\":\"ReadAction\",\"target\":[\"https:\/\/sagliksepeti.com\/blog\/bebeklerde-gunes-koruyucu-kullanimi\/\"]}]},{\"@type\":\"BreadcrumbList\",\"@id\":\"https:\/\/sagliksepeti.com\/blog\/bebeklerde-gunes-koruyucu-kullanimi\/#breadcrumb\",\"itemListElement\":[{\"@type\":\"ListItem\",\"position\":1,\"name\":\"Anasayfa\",\"item\":\"https:\/\/sagliksepeti.com\/blog\/\"},{\"@type\":\"ListItem\",\"position\":2,\"name\":\"Bebeklerde G\u00fcne\u015f Koruyucu Kullan\u0131m\u0131\"}]},{\"@type\":\"WebSite\",\"@id\":\"https:\/\/sagliksepeti.com\/blog\/#website\",\"url\":\"https:\/\/sagliksepeti.com\/blog\/\",\"name\":\"sa\u011fl\u0131ksepeti Blog\",\"description\":\"Sa\u011fl\u0131k ve G\u00fczellik hakk\u0131nda g\u00fcvenilir bilgi kayna\u011f\u0131n\u0131z\",\"publisher\":{\"@id\":\"https:\/\/sagliksepeti.com\/blog\/#organization\"},\"potentialAction\":[{\"@type\":\"SearchAction\",\"target\":{\"@type\":\"EntryPoint\",\"urlTemplate\":\"https:\/\/sagliksepeti.com\/blog\/?s={search_term_string}\"},\"query-input\":\"required name=search_term_string\"}],\"inLanguage\":\"tr\"},{\"@type\":\"Organization\",\"@id\":\"https:\/\/sagliksepeti.com\/blog\/#organization\",\"name\":\"Sa\u011fl\u0131k Sepeti Dermokozmetik Sat\u0131\u015f\",\"url\":\"https:\/\/sagliksepeti.com\/blog\/\",\"logo\":{\"@type\":\"ImageObject\",\"inLanguage\":\"tr\",\"@id\":\"https:\/\/sagliksepeti.com\/blog\/#\/schema\/logo\/image\/\",\"url\":\"https:\/\/sagliksepeti.com\/blog\/wp-content\/uploads\/2021\/11\/logo.png\",\"contentUrl\":\"https:\/\/sagliksepeti.com\/blog\/wp-content\/uploads\/2021\/11\/logo.png\",\"width\":348,\"height\":80,\"caption\":\"Sa\u011fl\u0131k Sepeti Dermokozmetik Sat\u0131\u015f\"},\"image\":{\"@id\":\"https:\/\/sagliksepeti.com\/blog\/#\/schema\/logo\/image\/\"},\"sameAs\":[\"https:\/\/www.instagram.com\/sagliksepeticom\/\"]},{\"@type\":\"Person\",\"@id\":\"https:\/\/sagliksepeti.com\/blog\/#\/schema\/person\/79e5a4c6c732209cfd8dec506c033307\",\"name\":\"Sa\u011fl\u0131k Sepeti\",\"image\":{\"@type\":\"ImageObject\",\"inLanguage\":\"tr\",\"@id\":\"https:\/\/sagliksepeti.com\/blog\/#\/schema\/person\/image\/\",\"url\":\"https:\/\/secure.gravatar.com\/avatar\/f1ce5cd61ce9924ecbcbcae289832bd641659e7fa9bc3d2ff55e823bff0f2dcc?s=96&d=mm&r=g\",\"contentUrl\":\"https:\/\/secure.gravatar.com\/avatar\/f1ce5cd61ce9924ecbcbcae289832bd641659e7fa9bc3d2ff55e823bff0f2dcc?s=96&d=mm&r=g\",\"caption\":\"Sa\u011fl\u0131k Sepeti\"},\"sameAs\":[\"http:\/\/www.sagliksepeti.com\"],\"url\":\"https:\/\/sagliksepeti.com\/blog\/author\/sagliksepeti\/\"}]}<\/script>\n<!-- \/ Yoast SEO plugin. -->","yoast_head_json":{"title":"Bebeklerde G\u00fcne\u015f Koruyucu Kullan\u0131m\u0131 - sa\u011fl\u0131ksepeti Blog","description":"G\u00fcne\u015f \u0131\u015f\u0131\u011f\u0131, D vitamini sentezi i\u00e7in gereklidir ancak \u00f6zellikle bebeklerde cilt hassasiyeti nedeniyle dikkatli olunmal\u0131d\u0131r.","robots":{"index":"index","follow":"follow","max-snippet":"max-snippet:-1","max-image-preview":"max-image-preview:large","max-video-preview":"max-video-preview:-1"},"canonical":"https:\/\/sagliksepeti.com\/blog\/bebeklerde-gunes-koruyucu-kullanimi\/","og_locale":"tr_TR","og_type":"article","og_title":"Bebeklerde G\u00fcne\u015f Koruyucu Kullan\u0131m\u0131 - sa\u011fl\u0131ksepeti Blog","og_description":"G\u00fcne\u015f \u0131\u015f\u0131\u011f\u0131, D vitamini sentezi i\u00e7in gereklidir ancak \u00f6zellikle bebeklerde cilt hassasiyeti nedeniyle dikkatli olunmal\u0131d\u0131r.","og_url":"https:\/\/sagliksepeti.com\/blog\/bebeklerde-gunes-koruyucu-kullanimi\/","og_site_name":"sa\u011fl\u0131ksepeti Blog","article_published_time":"2025-05-25T08:46:46+00:00","article_modified_time":"2025-05-26T11:47:04+00:00","og_image":[{"width":1280,"height":852,"url":"https:\/\/sagliksepeti.com\/blog\/wp-content\/uploads\/2025\/05\/cocuk-bebek-gunes-kremi.jpg","type":"image\/jpeg"}],"author":"Sa\u011fl\u0131k Sepeti","twitter_card":"summary_large_image","twitter_misc":{"Yazan:":"Sa\u011fl\u0131k Sepeti","Tahmini okuma s\u00fcresi":"2 dakika"},"schema":{"@context":"https:\/\/schema.org","@graph":[{"@type":"Article","@id":"https:\/\/sagliksepeti.com\/blog\/bebeklerde-gunes-koruyucu-kullanimi\/#article","isPartOf":{"@id":"https:\/\/sagliksepeti.com\/blog\/bebeklerde-gunes-koruyucu-kullanimi\/"},"author":{"name":"Sa\u011fl\u0131k Sepeti","@id":"https:\/\/sagliksepeti.com\/blog\/#\/schema\/person\/79e5a4c6c732209cfd8dec506c033307"},"headline":"Bebeklerde G\u00fcne\u015f Koruyucu Kullan\u0131m\u0131","datePublished":"2025-05-25T08:46:46+00:00","dateModified":"2025-05-26T11:47:04+00:00","mainEntityOfPage":{"@id":"https:\/\/sagliksepeti.com\/blog\/bebeklerde-gunes-koruyucu-kullanimi\/"},"wordCount":367,"commentCount":0,"publisher":{"@id":"https:\/\/sagliksepeti.com\/blog\/#organization"},"keywords":["bebek g\u00fcne\u015f kremi","bioderma g\u00fcne\u015f kremi","\u00e7ocuklarda g\u00fcne\u015f kremi","g\u00fcne\u015f kremi","mustela g\u00fcne\u015f kremi"],"inLanguage":"tr","potentialAction":[{"@type":"CommentAction","name":"Comment","target":["https:\/\/sagliksepeti.com\/blog\/bebeklerde-gunes-koruyucu-kullanimi\/#respond"]}]},{"@type":"WebPage","@id":"https:\/\/sagliksepeti.com\/blog\/bebeklerde-gunes-koruyucu-kullanimi\/","url":"https:\/\/sagliksepeti.com\/blog\/bebeklerde-gunes-koruyucu-kullanimi\/","name":"Bebeklerde G\u00fcne\u015f Koruyucu Kullan\u0131m\u0131 - sa\u011fl\u0131ksepeti Blog","isPartOf":{"@id":"https:\/\/sagliksepeti.com\/blog\/#website"},"datePublished":"2025-05-25T08:46:46+00:00","dateModified":"2025-05-26T11:47:04+00:00","description":"G\u00fcne\u015f \u0131\u015f\u0131\u011f\u0131, D vitamini sentezi i\u00e7in gereklidir ancak \u00f6zellikle bebeklerde cilt hassasiyeti nedeniyle dikkatli olunmal\u0131d\u0131r.","breadcrumb":{"@id":"https:\/\/sagliksepeti.com\/blog\/bebeklerde-gunes-koruyucu-kullanimi\/#breadcrumb"},"inLanguage":"tr","potentialAction":[{"@type":"ReadAction","target":["https:\/\/sagliksepeti.com\/blog\/bebeklerde-gunes-koruyucu-kullanimi\/"]}]},{"@type":"BreadcrumbList","@id":"https:\/\/sagliksepeti.com\/blog\/bebeklerde-gunes-koruyucu-kullanimi\/#breadcrumb","itemListElement":[{"@type":"ListItem","position":1,"name":"Anasayfa","item":"https:\/\/sagliksepeti.com\/blog\/"},{"@type":"ListItem","position":2,"name":"Bebeklerde G\u00fcne\u015f Koruyucu Kullan\u0131m\u0131"}]},{"@type":"WebSite","@id":"https:\/\/sagliksepeti.com\/blog\/#website","url":"https:\/\/sagliksepeti.com\/blog\/","name":"sa\u011fl\u0131ksepeti Blog","description":"Sa\u011fl\u0131k ve G\u00fczellik hakk\u0131nda g\u00fcvenilir bilgi kayna\u011f\u0131n\u0131z","publisher":{"@id":"https:\/\/sagliksepeti.com\/blog\/#organization"},"potentialAction":[{"@type":"SearchAction","target":{"@type":"EntryPoint","urlTemplate":"https:\/\/sagliksepeti.com\/blog\/?s={search_term_string}"},"query-input":"required name=search_term_string"}],"inLanguage":"tr"},{"@type":"Organization","@id":"https:\/\/sagliksepeti.com\/blog\/#organization","name":"Sa\u011fl\u0131k Sepeti Dermokozmetik Sat\u0131\u015f","url":"https:\/\/sagliksepeti.com\/blog\/","logo":{"@type":"ImageObject","inLanguage":"tr","@id":"https:\/\/sagliksepeti.com\/blog\/#\/schema\/logo\/image\/","url":"https:\/\/sagliksepeti.com\/blog\/wp-content\/uploads\/2021\/11\/logo.png","contentUrl":"https:\/\/sagliksepeti.com\/blog\/wp-content\/uploads\/2021\/11\/logo.png","width":348,"height":80,"caption":"Sa\u011fl\u0131k Sepeti Dermokozmetik Sat\u0131\u015f"},"image":{"@id":"https:\/\/sagliksepeti.com\/blog\/#\/schema\/logo\/image\/"},"sameAs":["https:\/\/www.instagram.com\/sagliksepeticom\/"]},{"@type":"Person","@id":"https:\/\/sagliksepeti.com\/blog\/#\/schema\/person\/79e5a4c6c732209cfd8dec506c033307","name":"Sa\u011fl\u0131k Sepeti","image":{"@type":"ImageObject","inLanguage":"tr","@id":"https:\/\/sagliksepeti.com\/blog\/#\/schema\/person\/image\/","url":"https:\/\/secure.gravatar.com\/avatar\/f1ce5cd61ce9924ecbcbcae289832bd641659e7fa9bc3d2ff55e823bff0f2dcc?s=96&d=mm&r=g","contentUrl":"https:\/\/secure.gravatar.com\/avatar\/f1ce5cd61ce9924ecbcbcae289832bd641659e7fa9bc3d2ff55e823bff0f2dcc?s=96&d=mm&r=g","caption":"Sa\u011fl\u0131k Sepeti"},"sameAs":["http:\/\/www.sagliksepeti.com"],"url":"https:\/\/sagliksepeti.com\/blog\/author\/sagliksepeti\/"}]}},"_links":{"self":[{"href":"https:\/\/sagliksepeti.com\/blog\/wp-json\/wp\/v2\/posts\/4257","targetHints":{"allow":["GET"]}}],"collection":[{"href":"https:\/\/sagliksepeti.com\/blog\/wp-json\/wp\/v2\/posts"}],"about":[{"href":"https:\/\/sagliksepeti.com\/blog\/wp-json\/wp\/v2\/types\/post"}],"author":[{"embeddable":true,"href":"https:\/\/sagliksepeti.com\/blog\/wp-json\/wp\/v2\/users\/5"}],"replies":[{"embeddable":true,"href":"https:\/\/sagliksepeti.com\/blog\/wp-json\/wp\/v2\/comments?post=4257"}],"version-history":[{"count":1,"href":"https:\/\/sagliksepeti.com\/blog\/wp-json\/wp\/v2\/posts\/4257\/revisions"}],"predecessor-version":[{"id":4259,"href":"https:\/\/sagliksepeti.com\/blog\/wp-json\/wp\/v2\/posts\/4257\/revisions\/4259"}],"wp:featuredmedia":[{"embeddable":true,"href":"https:\/\/sagliksepeti.com\/blog\/wp-json\/wp\/v2\/media\/4258"}],"wp:attachment":[{"href":"https:\/\/sagliksepeti.com\/blog\/wp-json\/wp\/v2\/media?parent=4257"}],"wp:term":[{"taxonomy":"category","embeddable":true,"href":"https:\/\/sagliksepeti.com\/blog\/wp-json\/wp\/v2\/categories?post=4257"},{"taxonomy":"post_tag","embeddable":true,"href":"https:\/\/sagliksepeti.com\/blog\/wp-json\/wp\/v2\/tags?post=4257"}],"curies":[{"name":"wp","href":"https:\/\/api.w.org\/{rel}","templated":true}]}}